{"id":44143,"date":"2014-02-12T10:00:58","date_gmt":"2014-02-12T13:00:58","guid":{"rendered":"http:\/\/www.organicesuevento.com\/fiestasyeventos\/?p=44143"},"modified":"2017-07-26T15:10:34","modified_gmt":"2017-07-26T18:10:34","slug":"como-la-vaca-al-toro","status":"publish","type":"post","link":"https:\/\/www.organicesuevento.com\/fiestasyeventos\/como-la-vaca-al-toro\/","title":{"rendered":"Como la vaca al toro"},"content":{"rendered":"<p><em><strong>Como la Vaca al Toro es una parrillada c\u00e1lida e informal situada en el coraz\u00f3n de Carrasco.<img loading=\"lazy\" decoding=\"async\" class=\"size-full wp-image-44144 aligncenter\" src=\"http:\/\/www.organicesuevento.com\/fiestasyeventos\/wp-content\/uploads\/minicomolavacajpg.jpg\" alt=\"minicomolavacajpg\" width=\"150\" height=\"150\" srcset=\"https:\/\/www.organicesuevento.com\/fiestasyeventos\/wp-content\/uploads\/minicomolavacajpg.jpg 150w, https:\/\/www.organicesuevento.com\/fiestasyeventos\/wp-content\/uploads\/minicomolavacajpg-100x100.jpg 100w\" sizes=\"auto, (max-width: 150px) 100vw, 150px\" \/><\/strong><\/em><br \/>\nAtendida por sus propios due\u00f1os.<\/p>\n<p>Como la Vaca al Toro se caracteriza por la calidad de sus carnes, la variedad de sus vinos y excelentes platos de pastas y pescados.<\/p>\n<p>En familia o con amigos, Como la Vaca al Toro es la opci\u00f3n ideal para disfrutar de los mejores sabores del Uruguay.<\/p>\n<p>Los Esperamos!<\/p>\n<p>[gallery_one id=\u00bb52022&#8243; view=\u00bbcarousel\u00bb settings=\u00bb%7B%22pause%22%3A%222000%22%2C%22speed%22%3A%221000%22%2C%22loop%22%3A%221%22%2C%22auto%22%3A%221%22%2C%22lightbox%22%3A%221%22%2C%22pager%22%3A%22%22%7D\u00bb]<\/p>\n<p style=\"text-align: center;\"><span style=\"color: #ff0000;\"><strong>POR CONSULTAS Y RESERVAS CLICK AQUI<\/strong><\/span><\/p>\n<p>[ninja_form id=62]<\/p>\n<p>&nbsp;<\/p>\n<ul>\n<li><strong>Av. Bolivia 1505 esq. Podesta<\/strong><\/li>\n<li><strong>Montevideo, Uruguay<\/strong><\/li>\n<li><strong>Telefono: 2600 15 14<\/strong><\/li>\n<\/ul>\n<p>&nbsp;<\/p>\n<ul>\n<li>Horario<\/li>\n<li>Abierto de MARTES a DOMINGOS a partir de las 20 hrs.<\/li>\n<li>SABADOS y DOMINGOS tambien al medio d\u00eda.<\/li>\n<\/ul>\n<p><!--cforms379--><\/p>\n","protected":false},"excerpt":{"rendered":"<p>Como la Vaca al Toro es una parrillada c\u00e1lida e informal situada en el coraz\u00f3n de Carrasco. Atendida por sus propios due\u00f1os. Como la Vaca al Toro se caracteriza por la calidad de sus carnes, la variedad de sus vinos y excelentes platos de pastas y pescados. En familia o con amigos, Como la Vaca [&hellip;]<\/p>\n","protected":false},"author":2,"featured_media":44144,"comment_status":"closed","ping_status":"open","sticky":false,"template":"","format":"standard","meta":{"_jetpack_memberships_contains_paid_content":false,"footnotes":""},"categories":[346,10],"tags":[9228,9226,9227,9225,9224],"class_list":["post-44143","post","type-post","status-publish","format-standard","has-post-thumbnail","hentry","category-proveedor","category-restaurantes","tag-delivery-en-carrasco","tag-destacado-restaurante-en-montevideo","tag-restaurante-para-almorzar-en-carrasco","tag-restaurante-recomendado-en-uruguay","tag-rstaurante-destacado-en-uruguay"],"yoast_head":"<!-- This site is optimized with the Yoast SEO plugin v27.4 - https:\/\/yoast.com\/product\/yoast-seo-wordpress\/ -->\n<title>Como la vaca al toro - OrganiceSuEvento<\/title>\n<meta name=\"robots\" content=\"index, follow, max-snippet:-1, max-image-preview:large, max-video-preview:-1\" \/>\n<link rel=\"canonical\" href=\"https:\/\/www.organicesuevento.com\/fiestasyeventos\/como-la-vaca-al-toro\/\" \/>\n<meta property=\"og:locale\" content=\"es_ES\" \/>\n<meta property=\"og:type\" content=\"article\" \/>\n<meta property=\"og:title\" content=\"Como la vaca al toro - OrganiceSuEvento\" \/>\n<meta property=\"og:description\" content=\"Como la Vaca al Toro es una parrillada c\u00e1lida e informal situada en el coraz\u00f3n de Carrasco. Atendida por sus propios due\u00f1os. Como la Vaca al Toro se caracteriza por la calidad de sus carnes, la variedad de sus vinos y excelentes platos de pastas y pescados. En familia o con amigos, Como la Vaca [&hellip;]\" \/>\n<meta property=\"og:url\" content=\"https:\/\/www.organicesuevento.com\/fiestasyeventos\/como-la-vaca-al-toro\/\" \/>\n<meta property=\"og:site_name\" content=\"OrganiceSuEvento\" \/>\n<meta property=\"article:publisher\" content=\"https:\/\/www.facebook.com\/organicesuevento\" \/>\n<meta property=\"article:published_time\" content=\"2014-02-12T13:00:58+00:00\" \/>\n<meta property=\"article:modified_time\" content=\"2017-07-26T18:10:34+00:00\" \/>\n<meta property=\"og:image\" content=\"https:\/\/www.organicesuevento.com\/fiestasyeventos\/wp-content\/uploads\/minicomolavacajpg.jpg\" \/>\n\t<meta property=\"og:image:width\" content=\"150\" \/>\n\t<meta property=\"og:image:height\" content=\"150\" \/>\n\t<meta property=\"og:image:type\" content=\"image\/jpeg\" \/>\n<meta name=\"author\" content=\"Alvaro\" \/>\n<meta name=\"twitter:card\" content=\"summary_large_image\" \/>\n<meta name=\"twitter:creator\" content=\"@1000fiestas\" \/>\n<meta name=\"twitter:site\" content=\"@1000fiestas\" \/>\n<meta name=\"twitter:label1\" content=\"Escrito por\" \/>\n\t<meta name=\"twitter:data1\" content=\"Alvaro\" \/>\n\t<meta name=\"twitter:label2\" content=\"Tiempo de lectura\" \/>\n\t<meta name=\"twitter:data2\" content=\"1 minuto\" \/>\n<script type=\"application\/ld+json\" class=\"yoast-schema-graph\">{\"@context\":\"https:\\\/\\\/schema.org\",\"@graph\":[{\"@type\":\"Article\",\"@id\":\"https:\\\/\\\/www.organicesuevento.com\\\/fiestasyeventos\\\/como-la-vaca-al-toro\\\/#article\",\"isPartOf\":{\"@id\":\"https:\\\/\\\/www.organicesuevento.com\\\/fiestasyeventos\\\/como-la-vaca-al-toro\\\/\"},\"author\":{\"name\":\"Alvaro\",\"@id\":\"https:\\\/\\\/www.organicesuevento.com\\\/fiestasyeventos\\\/#\\\/schema\\\/person\\\/1b0c4c9bf3be95a192dbced13b9beee7\"},\"headline\":\"Como la vaca al toro\",\"datePublished\":\"2014-02-12T13:00:58+00:00\",\"dateModified\":\"2017-07-26T18:10:34+00:00\",\"mainEntityOfPage\":{\"@id\":\"https:\\\/\\\/www.organicesuevento.com\\\/fiestasyeventos\\\/como-la-vaca-al-toro\\\/\"},\"wordCount\":142,\"publisher\":{\"@id\":\"https:\\\/\\\/www.organicesuevento.com\\\/fiestasyeventos\\\/#organization\"},\"image\":{\"@id\":\"https:\\\/\\\/www.organicesuevento.com\\\/fiestasyeventos\\\/como-la-vaca-al-toro\\\/#primaryimage\"},\"thumbnailUrl\":\"https:\\\/\\\/www.organicesuevento.com\\\/fiestasyeventos\\\/wp-content\\\/uploads\\\/minicomolavacajpg.jpg\",\"keywords\":[\"delivery en carrasco\",\"destacado restaurante en montevideo\",\"restaurante para almorzar en carrasco\",\"restaurante recomendado en uruguay\",\"rstaurante destacado en uruguay\"],\"articleSection\":[\"Proveedor\",\"Restaurantes\"],\"inLanguage\":\"es\"},{\"@type\":\"WebPage\",\"@id\":\"https:\\\/\\\/www.organicesuevento.com\\\/fiestasyeventos\\\/como-la-vaca-al-toro\\\/\",\"url\":\"https:\\\/\\\/www.organicesuevento.com\\\/fiestasyeventos\\\/como-la-vaca-al-toro\\\/\",\"name\":\"Como la vaca al toro - OrganiceSuEvento\",\"isPartOf\":{\"@id\":\"https:\\\/\\\/www.organicesuevento.com\\\/fiestasyeventos\\\/#website\"},\"primaryImageOfPage\":{\"@id\":\"https:\\\/\\\/www.organicesuevento.com\\\/fiestasyeventos\\\/como-la-vaca-al-toro\\\/#primaryimage\"},\"image\":{\"@id\":\"https:\\\/\\\/www.organicesuevento.com\\\/fiestasyeventos\\\/como-la-vaca-al-toro\\\/#primaryimage\"},\"thumbnailUrl\":\"https:\\\/\\\/www.organicesuevento.com\\\/fiestasyeventos\\\/wp-content\\\/uploads\\\/minicomolavacajpg.jpg\",\"datePublished\":\"2014-02-12T13:00:58+00:00\",\"dateModified\":\"2017-07-26T18:10:34+00:00\",\"breadcrumb\":{\"@id\":\"https:\\\/\\\/www.organicesuevento.com\\\/fiestasyeventos\\\/como-la-vaca-al-toro\\\/#breadcrumb\"},\"inLanguage\":\"es\",\"potentialAction\":[{\"@type\":\"ReadAction\",\"target\":[\"https:\\\/\\\/www.organicesuevento.com\\\/fiestasyeventos\\\/como-la-vaca-al-toro\\\/\"]}]},{\"@type\":\"ImageObject\",\"inLanguage\":\"es\",\"@id\":\"https:\\\/\\\/www.organicesuevento.com\\\/fiestasyeventos\\\/como-la-vaca-al-toro\\\/#primaryimage\",\"url\":\"https:\\\/\\\/www.organicesuevento.com\\\/fiestasyeventos\\\/wp-content\\\/uploads\\\/minicomolavacajpg.jpg\",\"contentUrl\":\"https:\\\/\\\/www.organicesuevento.com\\\/fiestasyeventos\\\/wp-content\\\/uploads\\\/minicomolavacajpg.jpg\",\"width\":150,\"height\":150},{\"@type\":\"BreadcrumbList\",\"@id\":\"https:\\\/\\\/www.organicesuevento.com\\\/fiestasyeventos\\\/como-la-vaca-al-toro\\\/#breadcrumb\",\"itemListElement\":[{\"@type\":\"ListItem\",\"position\":1,\"name\":\"Portada\",\"item\":\"https:\\\/\\\/www.organicesuevento.com\\\/fiestasyeventos\\\/\"},{\"@type\":\"ListItem\",\"position\":2,\"name\":\"Como la vaca al toro\"}]},{\"@type\":\"WebSite\",\"@id\":\"https:\\\/\\\/www.organicesuevento.com\\\/fiestasyeventos\\\/#website\",\"url\":\"https:\\\/\\\/www.organicesuevento.com\\\/fiestasyeventos\\\/\",\"name\":\"OrganiceSuEvento\",\"description\":\"Gui\u00ada de proveedores para fiestas y Eventos del Uruguay\",\"publisher\":{\"@id\":\"https:\\\/\\\/www.organicesuevento.com\\\/fiestasyeventos\\\/#organization\"},\"potentialAction\":[{\"@type\":\"SearchAction\",\"target\":{\"@type\":\"EntryPoint\",\"urlTemplate\":\"https:\\\/\\\/www.organicesuevento.com\\\/fiestasyeventos\\\/?s={search_term_string}\"},\"query-input\":{\"@type\":\"PropertyValueSpecification\",\"valueRequired\":true,\"valueName\":\"search_term_string\"}}],\"inLanguage\":\"es\"},{\"@type\":\"Organization\",\"@id\":\"https:\\\/\\\/www.organicesuevento.com\\\/fiestasyeventos\\\/#organization\",\"name\":\"OrganiceSuEvento.com\",\"url\":\"https:\\\/\\\/www.organicesuevento.com\\\/fiestasyeventos\\\/\",\"logo\":{\"@type\":\"ImageObject\",\"inLanguage\":\"es\",\"@id\":\"https:\\\/\\\/www.organicesuevento.com\\\/fiestasyeventos\\\/#\\\/schema\\\/logo\\\/image\\\/\",\"url\":\"https:\\\/\\\/www.organicesuevento.com\\\/fiestasyeventos\\\/wp-content\\\/uploads\\\/logo-2017-organicesuevento-boletin.png\",\"contentUrl\":\"https:\\\/\\\/www.organicesuevento.com\\\/fiestasyeventos\\\/wp-content\\\/uploads\\\/logo-2017-organicesuevento-boletin.png\",\"width\":617,\"height\":174,\"caption\":\"OrganiceSuEvento.com\"},\"image\":{\"@id\":\"https:\\\/\\\/www.organicesuevento.com\\\/fiestasyeventos\\\/#\\\/schema\\\/logo\\\/image\\\/\"},\"sameAs\":[\"https:\\\/\\\/www.facebook.com\\\/organicesuevento\",\"https:\\\/\\\/x.com\\\/1000fiestas\",\"https:\\\/\\\/www.instagram.com\\\/organicesuevento\\\/\"]},{\"@type\":\"Person\",\"@id\":\"https:\\\/\\\/www.organicesuevento.com\\\/fiestasyeventos\\\/#\\\/schema\\\/person\\\/1b0c4c9bf3be95a192dbced13b9beee7\",\"name\":\"Alvaro\",\"image\":{\"@type\":\"ImageObject\",\"inLanguage\":\"es\",\"@id\":\"https:\\\/\\\/secure.gravatar.com\\\/avatar\\\/55aa03288d5b2eb06e2257bbe9e8e1da464ae983b29c1a831d5c630e0fa30057?s=96&d=mm&r=g\",\"url\":\"https:\\\/\\\/secure.gravatar.com\\\/avatar\\\/55aa03288d5b2eb06e2257bbe9e8e1da464ae983b29c1a831d5c630e0fa30057?s=96&d=mm&r=g\",\"contentUrl\":\"https:\\\/\\\/secure.gravatar.com\\\/avatar\\\/55aa03288d5b2eb06e2257bbe9e8e1da464ae983b29c1a831d5c630e0fa30057?s=96&d=mm&r=g\",\"caption\":\"Alvaro\"},\"sameAs\":[\"http:\\\/\\\/www.organicesuevento.com\"],\"url\":\"https:\\\/\\\/www.organicesuevento.com\\\/fiestasyeventos\\\/author\\\/guia\\\/\"}]}<\/script>\n<!-- \/ Yoast SEO plugin. -->","yoast_head_json":{"title":"Como la vaca al toro - OrganiceSuEvento","robots":{"index":"index","follow":"follow","max-snippet":"max-snippet:-1","max-image-preview":"max-image-preview:large","max-video-preview":"max-video-preview:-1"},"canonical":"https:\/\/www.organicesuevento.com\/fiestasyeventos\/como-la-vaca-al-toro\/","og_locale":"es_ES","og_type":"article","og_title":"Como la vaca al toro - OrganiceSuEvento","og_description":"Como la Vaca al Toro es una parrillada c\u00e1lida e informal situada en el coraz\u00f3n de Carrasco. Atendida por sus propios due\u00f1os. Como la Vaca al Toro se caracteriza por la calidad de sus carnes, la variedad de sus vinos y excelentes platos de pastas y pescados. En familia o con amigos, Como la Vaca [&hellip;]","og_url":"https:\/\/www.organicesuevento.com\/fiestasyeventos\/como-la-vaca-al-toro\/","og_site_name":"OrganiceSuEvento","article_publisher":"https:\/\/www.facebook.com\/organicesuevento","article_published_time":"2014-02-12T13:00:58+00:00","article_modified_time":"2017-07-26T18:10:34+00:00","og_image":[{"width":150,"height":150,"url":"https:\/\/www.organicesuevento.com\/fiestasyeventos\/wp-content\/uploads\/minicomolavacajpg.jpg","type":"image\/jpeg"}],"author":"Alvaro","twitter_card":"summary_large_image","twitter_creator":"@1000fiestas","twitter_site":"@1000fiestas","twitter_misc":{"Escrito por":"Alvaro","Tiempo de lectura":"1 minuto"},"schema":{"@context":"https:\/\/schema.org","@graph":[{"@type":"Article","@id":"https:\/\/www.organicesuevento.com\/fiestasyeventos\/como-la-vaca-al-toro\/#article","isPartOf":{"@id":"https:\/\/www.organicesuevento.com\/fiestasyeventos\/como-la-vaca-al-toro\/"},"author":{"name":"Alvaro","@id":"https:\/\/www.organicesuevento.com\/fiestasyeventos\/#\/schema\/person\/1b0c4c9bf3be95a192dbced13b9beee7"},"headline":"Como la vaca al toro","datePublished":"2014-02-12T13:00:58+00:00","dateModified":"2017-07-26T18:10:34+00:00","mainEntityOfPage":{"@id":"https:\/\/www.organicesuevento.com\/fiestasyeventos\/como-la-vaca-al-toro\/"},"wordCount":142,"publisher":{"@id":"https:\/\/www.organicesuevento.com\/fiestasyeventos\/#organization"},"image":{"@id":"https:\/\/www.organicesuevento.com\/fiestasyeventos\/como-la-vaca-al-toro\/#primaryimage"},"thumbnailUrl":"https:\/\/www.organicesuevento.com\/fiestasyeventos\/wp-content\/uploads\/minicomolavacajpg.jpg","keywords":["delivery en carrasco","destacado restaurante en montevideo","restaurante para almorzar en carrasco","restaurante recomendado en uruguay","rstaurante destacado en uruguay"],"articleSection":["Proveedor","Restaurantes"],"inLanguage":"es"},{"@type":"WebPage","@id":"https:\/\/www.organicesuevento.com\/fiestasyeventos\/como-la-vaca-al-toro\/","url":"https:\/\/www.organicesuevento.com\/fiestasyeventos\/como-la-vaca-al-toro\/","name":"Como la vaca al toro - OrganiceSuEvento","isPartOf":{"@id":"https:\/\/www.organicesuevento.com\/fiestasyeventos\/#website"},"primaryImageOfPage":{"@id":"https:\/\/www.organicesuevento.com\/fiestasyeventos\/como-la-vaca-al-toro\/#primaryimage"},"image":{"@id":"https:\/\/www.organicesuevento.com\/fiestasyeventos\/como-la-vaca-al-toro\/#primaryimage"},"thumbnailUrl":"https:\/\/www.organicesuevento.com\/fiestasyeventos\/wp-content\/uploads\/minicomolavacajpg.jpg","datePublished":"2014-02-12T13:00:58+00:00","dateModified":"2017-07-26T18:10:34+00:00","breadcrumb":{"@id":"https:\/\/www.organicesuevento.com\/fiestasyeventos\/como-la-vaca-al-toro\/#breadcrumb"},"inLanguage":"es","potentialAction":[{"@type":"ReadAction","target":["https:\/\/www.organicesuevento.com\/fiestasyeventos\/como-la-vaca-al-toro\/"]}]},{"@type":"ImageObject","inLanguage":"es","@id":"https:\/\/www.organicesuevento.com\/fiestasyeventos\/como-la-vaca-al-toro\/#primaryimage","url":"https:\/\/www.organicesuevento.com\/fiestasyeventos\/wp-content\/uploads\/minicomolavacajpg.jpg","contentUrl":"https:\/\/www.organicesuevento.com\/fiestasyeventos\/wp-content\/uploads\/minicomolavacajpg.jpg","width":150,"height":150},{"@type":"BreadcrumbList","@id":"https:\/\/www.organicesuevento.com\/fiestasyeventos\/como-la-vaca-al-toro\/#breadcrumb","itemListElement":[{"@type":"ListItem","position":1,"name":"Portada","item":"https:\/\/www.organicesuevento.com\/fiestasyeventos\/"},{"@type":"ListItem","position":2,"name":"Como la vaca al toro"}]},{"@type":"WebSite","@id":"https:\/\/www.organicesuevento.com\/fiestasyeventos\/#website","url":"https:\/\/www.organicesuevento.com\/fiestasyeventos\/","name":"OrganiceSuEvento","description":"Gui\u00ada de proveedores para fiestas y Eventos del Uruguay","publisher":{"@id":"https:\/\/www.organicesuevento.com\/fiestasyeventos\/#organization"},"potentialAction":[{"@type":"SearchAction","target":{"@type":"EntryPoint","urlTemplate":"https:\/\/www.organicesuevento.com\/fiestasyeventos\/?s={search_term_string}"},"query-input":{"@type":"PropertyValueSpecification","valueRequired":true,"valueName":"search_term_string"}}],"inLanguage":"es"},{"@type":"Organization","@id":"https:\/\/www.organicesuevento.com\/fiestasyeventos\/#organization","name":"OrganiceSuEvento.com","url":"https:\/\/www.organicesuevento.com\/fiestasyeventos\/","logo":{"@type":"ImageObject","inLanguage":"es","@id":"https:\/\/www.organicesuevento.com\/fiestasyeventos\/#\/schema\/logo\/image\/","url":"https:\/\/www.organicesuevento.com\/fiestasyeventos\/wp-content\/uploads\/logo-2017-organicesuevento-boletin.png","contentUrl":"https:\/\/www.organicesuevento.com\/fiestasyeventos\/wp-content\/uploads\/logo-2017-organicesuevento-boletin.png","width":617,"height":174,"caption":"OrganiceSuEvento.com"},"image":{"@id":"https:\/\/www.organicesuevento.com\/fiestasyeventos\/#\/schema\/logo\/image\/"},"sameAs":["https:\/\/www.facebook.com\/organicesuevento","https:\/\/x.com\/1000fiestas","https:\/\/www.instagram.com\/organicesuevento\/"]},{"@type":"Person","@id":"https:\/\/www.organicesuevento.com\/fiestasyeventos\/#\/schema\/person\/1b0c4c9bf3be95a192dbced13b9beee7","name":"Alvaro","image":{"@type":"ImageObject","inLanguage":"es","@id":"https:\/\/secure.gravatar.com\/avatar\/55aa03288d5b2eb06e2257bbe9e8e1da464ae983b29c1a831d5c630e0fa30057?s=96&d=mm&r=g","url":"https:\/\/secure.gravatar.com\/avatar\/55aa03288d5b2eb06e2257bbe9e8e1da464ae983b29c1a831d5c630e0fa30057?s=96&d=mm&r=g","contentUrl":"https:\/\/secure.gravatar.com\/avatar\/55aa03288d5b2eb06e2257bbe9e8e1da464ae983b29c1a831d5c630e0fa30057?s=96&d=mm&r=g","caption":"Alvaro"},"sameAs":["http:\/\/www.organicesuevento.com"],"url":"https:\/\/www.organicesuevento.com\/fiestasyeventos\/author\/guia\/"}]}},"jetpack_featured_media_url":"https:\/\/www.organicesuevento.com\/fiestasyeventos\/wp-content\/uploads\/minicomolavacajpg.jpg","jetpack_sharing_enabled":true,"_links":{"self":[{"href":"https:\/\/www.organicesuevento.com\/fiestasyeventos\/wp-json\/wp\/v2\/posts\/44143","targetHints":{"allow":["GET"]}}],"collection":[{"href":"https:\/\/www.organicesuevento.com\/fiestasyeventos\/wp-json\/wp\/v2\/posts"}],"about":[{"href":"https:\/\/www.organicesuevento.com\/fiestasyeventos\/wp-json\/wp\/v2\/types\/post"}],"author":[{"embeddable":true,"href":"https:\/\/www.organicesuevento.com\/fiestasyeventos\/wp-json\/wp\/v2\/users\/2"}],"replies":[{"embeddable":true,"href":"https:\/\/www.organicesuevento.com\/fiestasyeventos\/wp-json\/wp\/v2\/comments?post=44143"}],"version-history":[{"count":6,"href":"https:\/\/www.organicesuevento.com\/fiestasyeventos\/wp-json\/wp\/v2\/posts\/44143\/revisions"}],"predecessor-version":[{"id":58285,"href":"https:\/\/www.organicesuevento.com\/fiestasyeventos\/wp-json\/wp\/v2\/posts\/44143\/revisions\/58285"}],"wp:featuredmedia":[{"embeddable":true,"href":"https:\/\/www.organicesuevento.com\/fiestasyeventos\/wp-json\/wp\/v2\/media\/44144"}],"wp:attachment":[{"href":"https:\/\/www.organicesuevento.com\/fiestasyeventos\/wp-json\/wp\/v2\/media?parent=44143"}],"wp:term":[{"taxonomy":"category","embeddable":true,"href":"https:\/\/www.organicesuevento.com\/fiestasyeventos\/wp-json\/wp\/v2\/categories?post=44143"},{"taxonomy":"post_tag","embeddable":true,"href":"https:\/\/www.organicesuevento.com\/fiestasyeventos\/wp-json\/wp\/v2\/tags?post=44143"}],"curies":[{"name":"wp","href":"https:\/\/api.w.org\/{rel}","templated":true}]}}