{"id":4374,"date":"2011-08-23T17:17:33","date_gmt":"2011-08-23T20:17:33","guid":{"rendered":"http:\/\/www.organicesuevento.com\/fiestasyeventos\/?p=4374"},"modified":"2020-05-14T22:15:37","modified_gmt":"2020-05-15T01:15:37","slug":"magic-eventos-alquiler-de-vajilla","status":"publish","type":"post","link":"https:\/\/www.organicesuevento.com\/fiestasyeventos\/magic-eventos-alquiler-de-vajilla\/","title":{"rendered":"Magic Eventos Alquiler de Vajilla"},"content":{"rendered":"<p style=\"text-align: center;\"><a href=\"http:\/\/www.organicesuevento.com\/fiestasyeventos\/wp-content\/uploads\/mini27.jpg\"><img loading=\"lazy\" decoding=\"async\" class=\"size-full wp-image-4379 aligncenter\" title=\"mini\" src=\"http:\/\/www.organicesuevento.com\/fiestasyeventos\/wp-content\/uploads\/mini27.jpg\" alt=\"\" width=\"291\" height=\"291\" \/><\/a><\/p>\n<p>&nbsp;<\/p>\n<p>No solo nos especializamos en Organizaci\u00f3n Integral de Fiestas y Eventos, creemos que en el mercado de hoy, ser\u00eda poco brindarle a nuestros clientes.<\/p>\n<p>&nbsp;<\/p>\n<p>Por ese Motivo, ofrecemos una gama de servicios que hacen posible que seamos l\u00edderes en nuestro mercado.<br \/>\n<strong>MAGIC EVENTOS<\/strong> le ofrece la alternativa de sorprenderle m\u00e1s all\u00e1 de sus expectativas, ofreci\u00e9ndole un servicio de Organizaci\u00f3n, Desarrollo y Coordinaci\u00f3n para su Evento.<\/p>\n<ul>\n<li>Alquiler de Vajilla y Cristaler\u00eda.<\/li>\n<li>Alquiler de Mesas y Sillas.<\/li>\n<li>Alquiler de Carpas .<\/li>\n<li>Alquiler de Ba\u00f1os Qu\u00edmicos.<\/li>\n<li>Alq. Equipamiento Gastron\u00f3mico.<\/li>\n<li>Alquiler de Manteler\u00eda.<\/li>\n<li>Alq. Equipamiento Mobiliario.<\/li>\n<li>Alquiler de Fundas para Sillas.<\/li>\n<\/ul>\n<p>NO vendemos servicios&#8230;los Brindamos!!!<\/p>\n<p><em><strong>M\u00e1gic Eventos&#8230; compartimos juntos tus Sue\u00f1os y tus Mejores Momentos!!!<\/strong><\/em><\/p>\n<p><!--cforms9--><\/p>\n","protected":false},"excerpt":{"rendered":"<p>&nbsp; No solo nos especializamos en Organizaci\u00f3n Integral de Fiestas y Eventos, creemos que en el mercado de hoy, ser\u00eda poco brindarle a nuestros clientes. &nbsp; Por ese Motivo, ofrecemos una gama de servicios que hacen posible que seamos l\u00edderes en nuestro mercado. MAGIC EVENTOS le ofrece la alternativa de sorprenderle m\u00e1s all\u00e1 de sus [&hellip;]<\/p>\n","protected":false},"author":2,"featured_media":0,"comment_status":"closed","ping_status":"open","sticky":false,"template":"","format":"standard","meta":{"_jetpack_memberships_contains_paid_content":false,"footnotes":""},"categories":[59],"tags":[330,1121,1122,1124,1123,1120,267,1119,1100,1099,1098,434,358,382,359,329,1102,1097,4212,438],"class_list":["post-4374","post","type-post","status-publish","format-standard","hentry","category-vajilla","tag-15-anos","tag-alquiler-de-alfombras-para-fiestas-y-eventos-en-uruguay","tag-alquiler-de-calefacion-para-fiestas-y-eventos-en-uruguay","tag-alquiler-de-computadoras-para-fiestas-y-eventos-en-uruguay","tag-alquiler-de-generadores-para-fiestas-y-eventos-en-uruguay","tag-alquiler-de-livings-para-fiestas-y-eventos-en-uruguay","tag-alquiler-de-manteles","tag-alquiler-de-mesas-para-eventos-y-fiestas-en-uruguay","tag-alquiler-de-mozos-para-fiestas-y-eventos","tag-alquiler-de-sillas-para-fiestas-y-eventos-en-uruguay","tag-alquiler-de-vajilla-para-fiestas-y-eventos-en-uruguay","tag-aniversarios","tag-bodas","tag-casamiento","tag-cumpleanos-de-15","tag-cumpleanos-infantiles","tag-eventos-sociales-y-eventos-empresariales","tag-manteles-para-fiestas-y-eventos-en-uruguay","tag-proveedor-de-servicios-para-fiestas-y-eventos-en-uruguay","tag-uruguay"],"yoast_head":"<!-- This site is optimized with the Yoast SEO plugin v27.4 - https:\/\/yoast.com\/product\/yoast-seo-wordpress\/ -->\n<title>Magic Eventos Alquiler de Vajilla - OrganiceSuEvento<\/title>\n<meta name=\"robots\" content=\"index, follow, max-snippet:-1, max-image-preview:large, max-video-preview:-1\" \/>\n<link rel=\"canonical\" href=\"https:\/\/www.organicesuevento.com\/fiestasyeventos\/magic-eventos-alquiler-de-vajilla\/\" \/>\n<meta property=\"og:locale\" content=\"es_ES\" \/>\n<meta property=\"og:type\" content=\"article\" \/>\n<meta property=\"og:title\" content=\"Magic Eventos Alquiler de Vajilla - OrganiceSuEvento\" \/>\n<meta property=\"og:description\" content=\"&nbsp; No solo nos especializamos en Organizaci\u00f3n Integral de Fiestas y Eventos, creemos que en el mercado de hoy, ser\u00eda poco brindarle a nuestros clientes. &nbsp; Por ese Motivo, ofrecemos una gama de servicios que hacen posible que seamos l\u00edderes en nuestro mercado. MAGIC EVENTOS le ofrece la alternativa de sorprenderle m\u00e1s all\u00e1 de sus [&hellip;]\" \/>\n<meta property=\"og:url\" content=\"https:\/\/www.organicesuevento.com\/fiestasyeventos\/magic-eventos-alquiler-de-vajilla\/\" \/>\n<meta property=\"og:site_name\" content=\"OrganiceSuEvento\" \/>\n<meta property=\"article:publisher\" content=\"https:\/\/www.facebook.com\/organicesuevento\" \/>\n<meta property=\"article:published_time\" content=\"2011-08-23T20:17:33+00:00\" \/>\n<meta property=\"article:modified_time\" content=\"2020-05-15T01:15:37+00:00\" \/>\n<meta property=\"og:image\" content=\"http:\/\/www.organicesuevento.com\/fiestasyeventos\/wp-content\/uploads\/mini27.jpg\" \/>\n<meta name=\"author\" content=\"Alvaro\" \/>\n<meta name=\"twitter:card\" content=\"summary_large_image\" \/>\n<meta name=\"twitter:creator\" content=\"@1000fiestas\" \/>\n<meta name=\"twitter:site\" content=\"@1000fiestas\" \/>\n<meta name=\"twitter:label1\" content=\"Escrito por\" \/>\n\t<meta name=\"twitter:data1\" content=\"Alvaro\" \/>\n\t<meta name=\"twitter:label2\" content=\"Tiempo de lectura\" \/>\n\t<meta name=\"twitter:data2\" content=\"1 minuto\" \/>\n<script type=\"application\/ld+json\" class=\"yoast-schema-graph\">{\"@context\":\"https:\\\/\\\/schema.org\",\"@graph\":[{\"@type\":\"Article\",\"@id\":\"https:\\\/\\\/www.organicesuevento.com\\\/fiestasyeventos\\\/magic-eventos-alquiler-de-vajilla\\\/#article\",\"isPartOf\":{\"@id\":\"https:\\\/\\\/www.organicesuevento.com\\\/fiestasyeventos\\\/magic-eventos-alquiler-de-vajilla\\\/\"},\"author\":{\"name\":\"Alvaro\",\"@id\":\"https:\\\/\\\/www.organicesuevento.com\\\/fiestasyeventos\\\/#\\\/schema\\\/person\\\/1b0c4c9bf3be95a192dbced13b9beee7\"},\"headline\":\"Magic Eventos Alquiler de Vajilla\",\"datePublished\":\"2011-08-23T20:17:33+00:00\",\"dateModified\":\"2020-05-15T01:15:37+00:00\",\"mainEntityOfPage\":{\"@id\":\"https:\\\/\\\/www.organicesuevento.com\\\/fiestasyeventos\\\/magic-eventos-alquiler-de-vajilla\\\/\"},\"wordCount\":132,\"publisher\":{\"@id\":\"https:\\\/\\\/www.organicesuevento.com\\\/fiestasyeventos\\\/#organization\"},\"image\":{\"@id\":\"https:\\\/\\\/www.organicesuevento.com\\\/fiestasyeventos\\\/magic-eventos-alquiler-de-vajilla\\\/#primaryimage\"},\"thumbnailUrl\":\"http:\\\/\\\/www.organicesuevento.com\\\/fiestasyeventos\\\/wp-content\\\/uploads\\\/mini27.jpg\",\"keywords\":[\"15 a\u00f1os\",\"alquiler de alfombras para fiestas y eventos en uruguay\",\"alquiler de calefaci\u00f3n para fiestas y eventos en uruguay\",\"alquiler de computadoras para fiestas y eventos en uruguay\",\"alquiler de generadores para fiestas y eventos en uruguay\",\"alquiler de livings para fiestas y eventos en uruguay\",\"alquiler de manteles\",\"alquiler de mesas para eventos y fiestas en uruguay\",\"alquiler de mozos para fiestas y eventos\",\"alquiler de sillas para fiestas y eventos en uruguay\",\"alquiler de vajilla para fiestas y eventos en uruguay\",\"aniversarios\",\"Bodas\",\"casamiento\",\"cumplea\u00f1os de 15\",\"cumplea\u00f1os infantiles\",\"eventos sociales y eventos empresariales..\",\"manteles para fiestas y eventos en uruguay\",\"proveedor de servicios para fiestas y eventos en uruguay\",\"uruguay\"],\"articleSection\":[\"Vajilla\"],\"inLanguage\":\"es\"},{\"@type\":\"WebPage\",\"@id\":\"https:\\\/\\\/www.organicesuevento.com\\\/fiestasyeventos\\\/magic-eventos-alquiler-de-vajilla\\\/\",\"url\":\"https:\\\/\\\/www.organicesuevento.com\\\/fiestasyeventos\\\/magic-eventos-alquiler-de-vajilla\\\/\",\"name\":\"Magic Eventos Alquiler de Vajilla - OrganiceSuEvento\",\"isPartOf\":{\"@id\":\"https:\\\/\\\/www.organicesuevento.com\\\/fiestasyeventos\\\/#website\"},\"primaryImageOfPage\":{\"@id\":\"https:\\\/\\\/www.organicesuevento.com\\\/fiestasyeventos\\\/magic-eventos-alquiler-de-vajilla\\\/#primaryimage\"},\"image\":{\"@id\":\"https:\\\/\\\/www.organicesuevento.com\\\/fiestasyeventos\\\/magic-eventos-alquiler-de-vajilla\\\/#primaryimage\"},\"thumbnailUrl\":\"http:\\\/\\\/www.organicesuevento.com\\\/fiestasyeventos\\\/wp-content\\\/uploads\\\/mini27.jpg\",\"datePublished\":\"2011-08-23T20:17:33+00:00\",\"dateModified\":\"2020-05-15T01:15:37+00:00\",\"breadcrumb\":{\"@id\":\"https:\\\/\\\/www.organicesuevento.com\\\/fiestasyeventos\\\/magic-eventos-alquiler-de-vajilla\\\/#breadcrumb\"},\"inLanguage\":\"es\",\"potentialAction\":[{\"@type\":\"ReadAction\",\"target\":[\"https:\\\/\\\/www.organicesuevento.com\\\/fiestasyeventos\\\/magic-eventos-alquiler-de-vajilla\\\/\"]}]},{\"@type\":\"ImageObject\",\"inLanguage\":\"es\",\"@id\":\"https:\\\/\\\/www.organicesuevento.com\\\/fiestasyeventos\\\/magic-eventos-alquiler-de-vajilla\\\/#primaryimage\",\"url\":\"http:\\\/\\\/www.organicesuevento.com\\\/fiestasyeventos\\\/wp-content\\\/uploads\\\/mini27.jpg\",\"contentUrl\":\"http:\\\/\\\/www.organicesuevento.com\\\/fiestasyeventos\\\/wp-content\\\/uploads\\\/mini27.jpg\"},{\"@type\":\"BreadcrumbList\",\"@id\":\"https:\\\/\\\/www.organicesuevento.com\\\/fiestasyeventos\\\/magic-eventos-alquiler-de-vajilla\\\/#breadcrumb\",\"itemListElement\":[{\"@type\":\"ListItem\",\"position\":1,\"name\":\"Portada\",\"item\":\"https:\\\/\\\/www.organicesuevento.com\\\/fiestasyeventos\\\/\"},{\"@type\":\"ListItem\",\"position\":2,\"name\":\"Magic Eventos Alquiler de Vajilla\"}]},{\"@type\":\"WebSite\",\"@id\":\"https:\\\/\\\/www.organicesuevento.com\\\/fiestasyeventos\\\/#website\",\"url\":\"https:\\\/\\\/www.organicesuevento.com\\\/fiestasyeventos\\\/\",\"name\":\"OrganiceSuEvento\",\"description\":\"Gui\u00ada de proveedores para fiestas y Eventos del Uruguay\",\"publisher\":{\"@id\":\"https:\\\/\\\/www.organicesuevento.com\\\/fiestasyeventos\\\/#organization\"},\"potentialAction\":[{\"@type\":\"SearchAction\",\"target\":{\"@type\":\"EntryPoint\",\"urlTemplate\":\"https:\\\/\\\/www.organicesuevento.com\\\/fiestasyeventos\\\/?s={search_term_string}\"},\"query-input\":{\"@type\":\"PropertyValueSpecification\",\"valueRequired\":true,\"valueName\":\"search_term_string\"}}],\"inLanguage\":\"es\"},{\"@type\":\"Organization\",\"@id\":\"https:\\\/\\\/www.organicesuevento.com\\\/fiestasyeventos\\\/#organization\",\"name\":\"OrganiceSuEvento.com\",\"url\":\"https:\\\/\\\/www.organicesuevento.com\\\/fiestasyeventos\\\/\",\"logo\":{\"@type\":\"ImageObject\",\"inLanguage\":\"es\",\"@id\":\"https:\\\/\\\/www.organicesuevento.com\\\/fiestasyeventos\\\/#\\\/schema\\\/logo\\\/image\\\/\",\"url\":\"https:\\\/\\\/www.organicesuevento.com\\\/fiestasyeventos\\\/wp-content\\\/uploads\\\/logo-2017-organicesuevento-boletin.png\",\"contentUrl\":\"https:\\\/\\\/www.organicesuevento.com\\\/fiestasyeventos\\\/wp-content\\\/uploads\\\/logo-2017-organicesuevento-boletin.png\",\"width\":617,\"height\":174,\"caption\":\"OrganiceSuEvento.com\"},\"image\":{\"@id\":\"https:\\\/\\\/www.organicesuevento.com\\\/fiestasyeventos\\\/#\\\/schema\\\/logo\\\/image\\\/\"},\"sameAs\":[\"https:\\\/\\\/www.facebook.com\\\/organicesuevento\",\"https:\\\/\\\/x.com\\\/1000fiestas\",\"https:\\\/\\\/www.instagram.com\\\/organicesuevento\\\/\"]},{\"@type\":\"Person\",\"@id\":\"https:\\\/\\\/www.organicesuevento.com\\\/fiestasyeventos\\\/#\\\/schema\\\/person\\\/1b0c4c9bf3be95a192dbced13b9beee7\",\"name\":\"Alvaro\",\"image\":{\"@type\":\"ImageObject\",\"inLanguage\":\"es\",\"@id\":\"https:\\\/\\\/secure.gravatar.com\\\/avatar\\\/55aa03288d5b2eb06e2257bbe9e8e1da464ae983b29c1a831d5c630e0fa30057?s=96&d=mm&r=g\",\"url\":\"https:\\\/\\\/secure.gravatar.com\\\/avatar\\\/55aa03288d5b2eb06e2257bbe9e8e1da464ae983b29c1a831d5c630e0fa30057?s=96&d=mm&r=g\",\"contentUrl\":\"https:\\\/\\\/secure.gravatar.com\\\/avatar\\\/55aa03288d5b2eb06e2257bbe9e8e1da464ae983b29c1a831d5c630e0fa30057?s=96&d=mm&r=g\",\"caption\":\"Alvaro\"},\"sameAs\":[\"http:\\\/\\\/www.organicesuevento.com\"],\"url\":\"https:\\\/\\\/www.organicesuevento.com\\\/fiestasyeventos\\\/author\\\/guia\\\/\"}]}<\/script>\n<!-- \/ Yoast SEO plugin. -->","yoast_head_json":{"title":"Magic Eventos Alquiler de Vajilla - OrganiceSuEvento","robots":{"index":"index","follow":"follow","max-snippet":"max-snippet:-1","max-image-preview":"max-image-preview:large","max-video-preview":"max-video-preview:-1"},"canonical":"https:\/\/www.organicesuevento.com\/fiestasyeventos\/magic-eventos-alquiler-de-vajilla\/","og_locale":"es_ES","og_type":"article","og_title":"Magic Eventos Alquiler de Vajilla - OrganiceSuEvento","og_description":"&nbsp; No solo nos especializamos en Organizaci\u00f3n Integral de Fiestas y Eventos, creemos que en el mercado de hoy, ser\u00eda poco brindarle a nuestros clientes. &nbsp; Por ese Motivo, ofrecemos una gama de servicios que hacen posible que seamos l\u00edderes en nuestro mercado. MAGIC EVENTOS le ofrece la alternativa de sorprenderle m\u00e1s all\u00e1 de sus [&hellip;]","og_url":"https:\/\/www.organicesuevento.com\/fiestasyeventos\/magic-eventos-alquiler-de-vajilla\/","og_site_name":"OrganiceSuEvento","article_publisher":"https:\/\/www.facebook.com\/organicesuevento","article_published_time":"2011-08-23T20:17:33+00:00","article_modified_time":"2020-05-15T01:15:37+00:00","og_image":[{"url":"http:\/\/www.organicesuevento.com\/fiestasyeventos\/wp-content\/uploads\/mini27.jpg","type":"","width":"","height":""}],"author":"Alvaro","twitter_card":"summary_large_image","twitter_creator":"@1000fiestas","twitter_site":"@1000fiestas","twitter_misc":{"Escrito por":"Alvaro","Tiempo de lectura":"1 minuto"},"schema":{"@context":"https:\/\/schema.org","@graph":[{"@type":"Article","@id":"https:\/\/www.organicesuevento.com\/fiestasyeventos\/magic-eventos-alquiler-de-vajilla\/#article","isPartOf":{"@id":"https:\/\/www.organicesuevento.com\/fiestasyeventos\/magic-eventos-alquiler-de-vajilla\/"},"author":{"name":"Alvaro","@id":"https:\/\/www.organicesuevento.com\/fiestasyeventos\/#\/schema\/person\/1b0c4c9bf3be95a192dbced13b9beee7"},"headline":"Magic Eventos Alquiler de Vajilla","datePublished":"2011-08-23T20:17:33+00:00","dateModified":"2020-05-15T01:15:37+00:00","mainEntityOfPage":{"@id":"https:\/\/www.organicesuevento.com\/fiestasyeventos\/magic-eventos-alquiler-de-vajilla\/"},"wordCount":132,"publisher":{"@id":"https:\/\/www.organicesuevento.com\/fiestasyeventos\/#organization"},"image":{"@id":"https:\/\/www.organicesuevento.com\/fiestasyeventos\/magic-eventos-alquiler-de-vajilla\/#primaryimage"},"thumbnailUrl":"http:\/\/www.organicesuevento.com\/fiestasyeventos\/wp-content\/uploads\/mini27.jpg","keywords":["15 a\u00f1os","alquiler de alfombras para fiestas y eventos en uruguay","alquiler de calefaci\u00f3n para fiestas y eventos en uruguay","alquiler de computadoras para fiestas y eventos en uruguay","alquiler de generadores para fiestas y eventos en uruguay","alquiler de livings para fiestas y eventos en uruguay","alquiler de manteles","alquiler de mesas para eventos y fiestas en uruguay","alquiler de mozos para fiestas y eventos","alquiler de sillas para fiestas y eventos en uruguay","alquiler de vajilla para fiestas y eventos en uruguay","aniversarios","Bodas","casamiento","cumplea\u00f1os de 15","cumplea\u00f1os infantiles","eventos sociales y eventos empresariales..","manteles para fiestas y eventos en uruguay","proveedor de servicios para fiestas y eventos en uruguay","uruguay"],"articleSection":["Vajilla"],"inLanguage":"es"},{"@type":"WebPage","@id":"https:\/\/www.organicesuevento.com\/fiestasyeventos\/magic-eventos-alquiler-de-vajilla\/","url":"https:\/\/www.organicesuevento.com\/fiestasyeventos\/magic-eventos-alquiler-de-vajilla\/","name":"Magic Eventos Alquiler de Vajilla - OrganiceSuEvento","isPartOf":{"@id":"https:\/\/www.organicesuevento.com\/fiestasyeventos\/#website"},"primaryImageOfPage":{"@id":"https:\/\/www.organicesuevento.com\/fiestasyeventos\/magic-eventos-alquiler-de-vajilla\/#primaryimage"},"image":{"@id":"https:\/\/www.organicesuevento.com\/fiestasyeventos\/magic-eventos-alquiler-de-vajilla\/#primaryimage"},"thumbnailUrl":"http:\/\/www.organicesuevento.com\/fiestasyeventos\/wp-content\/uploads\/mini27.jpg","datePublished":"2011-08-23T20:17:33+00:00","dateModified":"2020-05-15T01:15:37+00:00","breadcrumb":{"@id":"https:\/\/www.organicesuevento.com\/fiestasyeventos\/magic-eventos-alquiler-de-vajilla\/#breadcrumb"},"inLanguage":"es","potentialAction":[{"@type":"ReadAction","target":["https:\/\/www.organicesuevento.com\/fiestasyeventos\/magic-eventos-alquiler-de-vajilla\/"]}]},{"@type":"ImageObject","inLanguage":"es","@id":"https:\/\/www.organicesuevento.com\/fiestasyeventos\/magic-eventos-alquiler-de-vajilla\/#primaryimage","url":"http:\/\/www.organicesuevento.com\/fiestasyeventos\/wp-content\/uploads\/mini27.jpg","contentUrl":"http:\/\/www.organicesuevento.com\/fiestasyeventos\/wp-content\/uploads\/mini27.jpg"},{"@type":"BreadcrumbList","@id":"https:\/\/www.organicesuevento.com\/fiestasyeventos\/magic-eventos-alquiler-de-vajilla\/#breadcrumb","itemListElement":[{"@type":"ListItem","position":1,"name":"Portada","item":"https:\/\/www.organicesuevento.com\/fiestasyeventos\/"},{"@type":"ListItem","position":2,"name":"Magic Eventos Alquiler de Vajilla"}]},{"@type":"WebSite","@id":"https:\/\/www.organicesuevento.com\/fiestasyeventos\/#website","url":"https:\/\/www.organicesuevento.com\/fiestasyeventos\/","name":"OrganiceSuEvento","description":"Gui\u00ada de proveedores para fiestas y Eventos del Uruguay","publisher":{"@id":"https:\/\/www.organicesuevento.com\/fiestasyeventos\/#organization"},"potentialAction":[{"@type":"SearchAction","target":{"@type":"EntryPoint","urlTemplate":"https:\/\/www.organicesuevento.com\/fiestasyeventos\/?s={search_term_string}"},"query-input":{"@type":"PropertyValueSpecification","valueRequired":true,"valueName":"search_term_string"}}],"inLanguage":"es"},{"@type":"Organization","@id":"https:\/\/www.organicesuevento.com\/fiestasyeventos\/#organization","name":"OrganiceSuEvento.com","url":"https:\/\/www.organicesuevento.com\/fiestasyeventos\/","logo":{"@type":"ImageObject","inLanguage":"es","@id":"https:\/\/www.organicesuevento.com\/fiestasyeventos\/#\/schema\/logo\/image\/","url":"https:\/\/www.organicesuevento.com\/fiestasyeventos\/wp-content\/uploads\/logo-2017-organicesuevento-boletin.png","contentUrl":"https:\/\/www.organicesuevento.com\/fiestasyeventos\/wp-content\/uploads\/logo-2017-organicesuevento-boletin.png","width":617,"height":174,"caption":"OrganiceSuEvento.com"},"image":{"@id":"https:\/\/www.organicesuevento.com\/fiestasyeventos\/#\/schema\/logo\/image\/"},"sameAs":["https:\/\/www.facebook.com\/organicesuevento","https:\/\/x.com\/1000fiestas","https:\/\/www.instagram.com\/organicesuevento\/"]},{"@type":"Person","@id":"https:\/\/www.organicesuevento.com\/fiestasyeventos\/#\/schema\/person\/1b0c4c9bf3be95a192dbced13b9beee7","name":"Alvaro","image":{"@type":"ImageObject","inLanguage":"es","@id":"https:\/\/secure.gravatar.com\/avatar\/55aa03288d5b2eb06e2257bbe9e8e1da464ae983b29c1a831d5c630e0fa30057?s=96&d=mm&r=g","url":"https:\/\/secure.gravatar.com\/avatar\/55aa03288d5b2eb06e2257bbe9e8e1da464ae983b29c1a831d5c630e0fa30057?s=96&d=mm&r=g","contentUrl":"https:\/\/secure.gravatar.com\/avatar\/55aa03288d5b2eb06e2257bbe9e8e1da464ae983b29c1a831d5c630e0fa30057?s=96&d=mm&r=g","caption":"Alvaro"},"sameAs":["http:\/\/www.organicesuevento.com"],"url":"https:\/\/www.organicesuevento.com\/fiestasyeventos\/author\/guia\/"}]}},"jetpack_featured_media_url":"","jetpack_sharing_enabled":true,"_links":{"self":[{"href":"https:\/\/www.organicesuevento.com\/fiestasyeventos\/wp-json\/wp\/v2\/posts\/4374","targetHints":{"allow":["GET"]}}],"collection":[{"href":"https:\/\/www.organicesuevento.com\/fiestasyeventos\/wp-json\/wp\/v2\/posts"}],"about":[{"href":"https:\/\/www.organicesuevento.com\/fiestasyeventos\/wp-json\/wp\/v2\/types\/post"}],"author":[{"embeddable":true,"href":"https:\/\/www.organicesuevento.com\/fiestasyeventos\/wp-json\/wp\/v2\/users\/2"}],"replies":[{"embeddable":true,"href":"https:\/\/www.organicesuevento.com\/fiestasyeventos\/wp-json\/wp\/v2\/comments?post=4374"}],"version-history":[{"count":4,"href":"https:\/\/www.organicesuevento.com\/fiestasyeventos\/wp-json\/wp\/v2\/posts\/4374\/revisions"}],"predecessor-version":[{"id":76097,"href":"https:\/\/www.organicesuevento.com\/fiestasyeventos\/wp-json\/wp\/v2\/posts\/4374\/revisions\/76097"}],"wp:attachment":[{"href":"https:\/\/www.organicesuevento.com\/fiestasyeventos\/wp-json\/wp\/v2\/media?parent=4374"}],"wp:term":[{"taxonomy":"category","embeddable":true,"href":"https:\/\/www.organicesuevento.com\/fiestasyeventos\/wp-json\/wp\/v2\/categories?post=4374"},{"taxonomy":"post_tag","embeddable":true,"href":"https:\/\/www.organicesuevento.com\/fiestasyeventos\/wp-json\/wp\/v2\/tags?post=4374"}],"curies":[{"name":"wp","href":"https:\/\/api.w.org\/{rel}","templated":true}]}}