{"id":39980,"date":"2013-03-06T17:16:52","date_gmt":"2013-03-06T20:16:52","guid":{"rendered":"http:\/\/www.organicesuevento.com\/fiestasyeventos\/?p=39980"},"modified":"2017-07-28T14:44:38","modified_gmt":"2017-07-28T17:44:38","slug":"garcia-parrilla-clasica","status":"publish","type":"post","link":"https:\/\/www.organicesuevento.com\/fiestasyeventos\/garcia-parrilla-clasica\/","title":{"rendered":"Garcia Parrilla Cl\u00e1sica"},"content":{"rendered":"<p><a href=\"http:\/\/www.organicesuevento.com\/fiestasyeventos\/wp-content\/uploads\/garcia007.jpg\"><img loading=\"lazy\" decoding=\"async\" class=\"wp-image-39990 aligncenter\" src=\"http:\/\/www.organicesuevento.com\/fiestasyeventos\/wp-content\/uploads\/garcia007.jpg\" alt=\"garcia007\" width=\"145\" height=\"216\" srcset=\"https:\/\/www.organicesuevento.com\/fiestasyeventos\/wp-content\/uploads\/garcia007.jpg 400w, https:\/\/www.organicesuevento.com\/fiestasyeventos\/wp-content\/uploads\/garcia007-201x300.jpg 201w, https:\/\/www.organicesuevento.com\/fiestasyeventos\/wp-content\/uploads\/garcia007-250x372.jpg 250w\" sizes=\"auto, (max-width: 145px) 100vw, 145px\" \/><\/a>Nuestro orgullo no es ser una de las mejores parrillas del pa\u00eds.<\/p>\n<p>Nuestro orgullo es ser el lugar que vos elegis desde hace m\u00e1s de 40 a\u00f1os.<\/p>\n<p><strong>Restaurante especializado en PARRILLA T\u00cdPICA Y COCINA RIOPLATENSE<\/strong><\/p>\n<ul>\n<li><strong>Direcci\u00f3n :Av. Arocena 1587 | Carrasco, Montevideo, Uruguay\u00a0<\/strong><\/li>\n<li><strong>Tel\u00e9fono: \u00a0+598 2600 2703<\/strong><\/li>\n<li><strong>Web: <a href=\"http:\/\/www.garcia.com.uy \" target=\"_blank\" rel=\"noopener\">www.garcia.com.uy <\/a><\/strong><\/li>\n<li><a href=\"http:\/\/www.facebook.com\/GarciaParrillaClasicaYBar\" target=\"_blank\" rel=\"noopener\">Facebook<\/a><\/li>\n<\/ul>\n<p>[gallery_one id=\u00bb52079&#8243; view=\u00bbcarousel\u00bb settings=\u00bb%7B%22pause%22%3A%222000%22%2C%22speed%22%3A%221000%22%2C%22loop%22%3A%221%22%2C%22auto%22%3A%221%22%2C%22lightbox%22%3A%221%22%2C%22pager%22%3A%22%22%7D\u00bb]<\/p>\n<p style=\"text-align: center;\"><span style=\"color: #ff0000;\"><strong>FORMULARIO DE CONTACTO DIRECTO CON RESTAURANTE GARCIA<\/strong><\/span><\/p>\n<p>[ninja_form id=79]<\/p>\n<p><!--cforms259--><\/p>\n","protected":false},"excerpt":{"rendered":"<p>Nuestro orgullo no es ser una de las mejores parrillas del pa\u00eds. Nuestro orgullo es ser el lugar que vos elegis desde hace m\u00e1s de 40 a\u00f1os. Restaurante especializado en PARRILLA T\u00cdPICA Y COCINA RIOPLATENSE Direcci\u00f3n :Av. Arocena 1587 | Carrasco, Montevideo, Uruguay\u00a0 Tel\u00e9fono: \u00a0+598 2600 2703 Web: www.garcia.com.uy Facebook [gallery_one id=\u00bb52079&#8243; view=\u00bbcarousel\u00bb settings=\u00bb%7B%22pause%22%3A%222000%22%2C%22speed%22%3A%221000%22%2C%22loop%22%3A%221%22%2C%22auto%22%3A%221%22%2C%22lightbox%22%3A%221%22%2C%22pager%22%3A%22%22%7D\u00bb] FORMULARIO [&hellip;]<\/p>\n","protected":false},"author":2,"featured_media":39981,"comment_status":"closed","ping_status":"open","sticky":false,"template":"","format":"standard","meta":{"_jetpack_memberships_contains_paid_content":false,"footnotes":""},"categories":[346,10],"tags":[5948,2304,5949],"class_list":["post-39980","post","type-post","status-publish","format-standard","has-post-thumbnail","hentry","category-proveedor","category-restaurantes","tag-restaurante-destacado-en-carrasco","tag-restaurante-para-almorzar-en-uruguay","tag-restaurante-para-cenar-carnes-destacadas-en-uruguay"],"yoast_head":"<!-- This site is optimized with the Yoast SEO plugin v27.4 - https:\/\/yoast.com\/product\/yoast-seo-wordpress\/ -->\n<title>Garcia Parrilla Cl\u00e1sica - OrganiceSuEvento<\/title>\n<meta name=\"robots\" content=\"index, follow, max-snippet:-1, max-image-preview:large, max-video-preview:-1\" \/>\n<link rel=\"canonical\" href=\"https:\/\/www.organicesuevento.com\/fiestasyeventos\/garcia-parrilla-clasica\/\" \/>\n<meta property=\"og:locale\" content=\"es_ES\" \/>\n<meta property=\"og:type\" content=\"article\" \/>\n<meta property=\"og:title\" content=\"Garcia Parrilla Cl\u00e1sica - OrganiceSuEvento\" \/>\n<meta property=\"og:description\" content=\"Nuestro orgullo no es ser una de las mejores parrillas del pa\u00eds. Nuestro orgullo es ser el lugar que vos elegis desde hace m\u00e1s de 40 a\u00f1os. Restaurante especializado en PARRILLA T\u00cdPICA Y COCINA RIOPLATENSE Direcci\u00f3n :Av. Arocena 1587 | Carrasco, Montevideo, Uruguay\u00a0 Tel\u00e9fono: \u00a0+598 2600 2703 Web: www.garcia.com.uy Facebook [gallery_one id=\u00bb52079&#8243; view=\u00bbcarousel\u00bb settings=\u00bb%7B%22pause%22%3A%222000%22%2C%22speed%22%3A%221000%22%2C%22loop%22%3A%221%22%2C%22auto%22%3A%221%22%2C%22lightbox%22%3A%221%22%2C%22pager%22%3A%22%22%7D\u00bb] FORMULARIO [&hellip;]\" \/>\n<meta property=\"og:url\" content=\"https:\/\/www.organicesuevento.com\/fiestasyeventos\/garcia-parrilla-clasica\/\" \/>\n<meta property=\"og:site_name\" content=\"OrganiceSuEvento\" \/>\n<meta property=\"article:publisher\" content=\"https:\/\/www.facebook.com\/organicesuevento\" \/>\n<meta property=\"article:published_time\" content=\"2013-03-06T20:16:52+00:00\" \/>\n<meta property=\"article:modified_time\" content=\"2017-07-28T17:44:38+00:00\" \/>\n<meta property=\"og:image\" content=\"https:\/\/www.organicesuevento.com\/fiestasyeventos\/wp-content\/uploads\/garcia008.jpg\" \/>\n\t<meta property=\"og:image:width\" content=\"180\" \/>\n\t<meta property=\"og:image:height\" content=\"180\" \/>\n\t<meta property=\"og:image:type\" content=\"image\/jpeg\" \/>\n<meta name=\"author\" content=\"Alvaro\" \/>\n<meta name=\"twitter:card\" content=\"summary_large_image\" \/>\n<meta name=\"twitter:creator\" content=\"@1000fiestas\" \/>\n<meta name=\"twitter:site\" content=\"@1000fiestas\" \/>\n<meta name=\"twitter:label1\" content=\"Escrito por\" \/>\n\t<meta name=\"twitter:data1\" content=\"Alvaro\" \/>\n<script type=\"application\/ld+json\" class=\"yoast-schema-graph\">{\"@context\":\"https:\\\/\\\/schema.org\",\"@graph\":[{\"@type\":\"Article\",\"@id\":\"https:\\\/\\\/www.organicesuevento.com\\\/fiestasyeventos\\\/garcia-parrilla-clasica\\\/#article\",\"isPartOf\":{\"@id\":\"https:\\\/\\\/www.organicesuevento.com\\\/fiestasyeventos\\\/garcia-parrilla-clasica\\\/\"},\"author\":{\"name\":\"Alvaro\",\"@id\":\"https:\\\/\\\/www.organicesuevento.com\\\/fiestasyeventos\\\/#\\\/schema\\\/person\\\/1b0c4c9bf3be95a192dbced13b9beee7\"},\"headline\":\"Garcia Parrilla Cl\u00e1sica\",\"datePublished\":\"2013-03-06T20:16:52+00:00\",\"dateModified\":\"2017-07-28T17:44:38+00:00\",\"mainEntityOfPage\":{\"@id\":\"https:\\\/\\\/www.organicesuevento.com\\\/fiestasyeventos\\\/garcia-parrilla-clasica\\\/\"},\"wordCount\":92,\"publisher\":{\"@id\":\"https:\\\/\\\/www.organicesuevento.com\\\/fiestasyeventos\\\/#organization\"},\"image\":{\"@id\":\"https:\\\/\\\/www.organicesuevento.com\\\/fiestasyeventos\\\/garcia-parrilla-clasica\\\/#primaryimage\"},\"thumbnailUrl\":\"https:\\\/\\\/www.organicesuevento.com\\\/fiestasyeventos\\\/wp-content\\\/uploads\\\/garcia008.jpg\",\"keywords\":[\"restaurante destacado en carrasco\",\"restaurante para almorzar en uruguay\",\"restaurante para cenar carnes destacadas en uruguay\"],\"articleSection\":[\"Proveedor\",\"Restaurantes\"],\"inLanguage\":\"es\"},{\"@type\":\"WebPage\",\"@id\":\"https:\\\/\\\/www.organicesuevento.com\\\/fiestasyeventos\\\/garcia-parrilla-clasica\\\/\",\"url\":\"https:\\\/\\\/www.organicesuevento.com\\\/fiestasyeventos\\\/garcia-parrilla-clasica\\\/\",\"name\":\"Garcia Parrilla Cl\u00e1sica - OrganiceSuEvento\",\"isPartOf\":{\"@id\":\"https:\\\/\\\/www.organicesuevento.com\\\/fiestasyeventos\\\/#website\"},\"primaryImageOfPage\":{\"@id\":\"https:\\\/\\\/www.organicesuevento.com\\\/fiestasyeventos\\\/garcia-parrilla-clasica\\\/#primaryimage\"},\"image\":{\"@id\":\"https:\\\/\\\/www.organicesuevento.com\\\/fiestasyeventos\\\/garcia-parrilla-clasica\\\/#primaryimage\"},\"thumbnailUrl\":\"https:\\\/\\\/www.organicesuevento.com\\\/fiestasyeventos\\\/wp-content\\\/uploads\\\/garcia008.jpg\",\"datePublished\":\"2013-03-06T20:16:52+00:00\",\"dateModified\":\"2017-07-28T17:44:38+00:00\",\"breadcrumb\":{\"@id\":\"https:\\\/\\\/www.organicesuevento.com\\\/fiestasyeventos\\\/garcia-parrilla-clasica\\\/#breadcrumb\"},\"inLanguage\":\"es\",\"potentialAction\":[{\"@type\":\"ReadAction\",\"target\":[\"https:\\\/\\\/www.organicesuevento.com\\\/fiestasyeventos\\\/garcia-parrilla-clasica\\\/\"]}]},{\"@type\":\"ImageObject\",\"inLanguage\":\"es\",\"@id\":\"https:\\\/\\\/www.organicesuevento.com\\\/fiestasyeventos\\\/garcia-parrilla-clasica\\\/#primaryimage\",\"url\":\"https:\\\/\\\/www.organicesuevento.com\\\/fiestasyeventos\\\/wp-content\\\/uploads\\\/garcia008.jpg\",\"contentUrl\":\"https:\\\/\\\/www.organicesuevento.com\\\/fiestasyeventos\\\/wp-content\\\/uploads\\\/garcia008.jpg\",\"width\":180,\"height\":180},{\"@type\":\"BreadcrumbList\",\"@id\":\"https:\\\/\\\/www.organicesuevento.com\\\/fiestasyeventos\\\/garcia-parrilla-clasica\\\/#breadcrumb\",\"itemListElement\":[{\"@type\":\"ListItem\",\"position\":1,\"name\":\"Portada\",\"item\":\"https:\\\/\\\/www.organicesuevento.com\\\/fiestasyeventos\\\/\"},{\"@type\":\"ListItem\",\"position\":2,\"name\":\"Garcia Parrilla Cl\u00e1sica\"}]},{\"@type\":\"WebSite\",\"@id\":\"https:\\\/\\\/www.organicesuevento.com\\\/fiestasyeventos\\\/#website\",\"url\":\"https:\\\/\\\/www.organicesuevento.com\\\/fiestasyeventos\\\/\",\"name\":\"OrganiceSuEvento\",\"description\":\"Gui\u00ada de proveedores para fiestas y Eventos del Uruguay\",\"publisher\":{\"@id\":\"https:\\\/\\\/www.organicesuevento.com\\\/fiestasyeventos\\\/#organization\"},\"potentialAction\":[{\"@type\":\"SearchAction\",\"target\":{\"@type\":\"EntryPoint\",\"urlTemplate\":\"https:\\\/\\\/www.organicesuevento.com\\\/fiestasyeventos\\\/?s={search_term_string}\"},\"query-input\":{\"@type\":\"PropertyValueSpecification\",\"valueRequired\":true,\"valueName\":\"search_term_string\"}}],\"inLanguage\":\"es\"},{\"@type\":\"Organization\",\"@id\":\"https:\\\/\\\/www.organicesuevento.com\\\/fiestasyeventos\\\/#organization\",\"name\":\"OrganiceSuEvento.com\",\"url\":\"https:\\\/\\\/www.organicesuevento.com\\\/fiestasyeventos\\\/\",\"logo\":{\"@type\":\"ImageObject\",\"inLanguage\":\"es\",\"@id\":\"https:\\\/\\\/www.organicesuevento.com\\\/fiestasyeventos\\\/#\\\/schema\\\/logo\\\/image\\\/\",\"url\":\"https:\\\/\\\/www.organicesuevento.com\\\/fiestasyeventos\\\/wp-content\\\/uploads\\\/logo-2017-organicesuevento-boletin.png\",\"contentUrl\":\"https:\\\/\\\/www.organicesuevento.com\\\/fiestasyeventos\\\/wp-content\\\/uploads\\\/logo-2017-organicesuevento-boletin.png\",\"width\":617,\"height\":174,\"caption\":\"OrganiceSuEvento.com\"},\"image\":{\"@id\":\"https:\\\/\\\/www.organicesuevento.com\\\/fiestasyeventos\\\/#\\\/schema\\\/logo\\\/image\\\/\"},\"sameAs\":[\"https:\\\/\\\/www.facebook.com\\\/organicesuevento\",\"https:\\\/\\\/x.com\\\/1000fiestas\",\"https:\\\/\\\/www.instagram.com\\\/organicesuevento\\\/\"]},{\"@type\":\"Person\",\"@id\":\"https:\\\/\\\/www.organicesuevento.com\\\/fiestasyeventos\\\/#\\\/schema\\\/person\\\/1b0c4c9bf3be95a192dbced13b9beee7\",\"name\":\"Alvaro\",\"image\":{\"@type\":\"ImageObject\",\"inLanguage\":\"es\",\"@id\":\"https:\\\/\\\/secure.gravatar.com\\\/avatar\\\/55aa03288d5b2eb06e2257bbe9e8e1da464ae983b29c1a831d5c630e0fa30057?s=96&d=mm&r=g\",\"url\":\"https:\\\/\\\/secure.gravatar.com\\\/avatar\\\/55aa03288d5b2eb06e2257bbe9e8e1da464ae983b29c1a831d5c630e0fa30057?s=96&d=mm&r=g\",\"contentUrl\":\"https:\\\/\\\/secure.gravatar.com\\\/avatar\\\/55aa03288d5b2eb06e2257bbe9e8e1da464ae983b29c1a831d5c630e0fa30057?s=96&d=mm&r=g\",\"caption\":\"Alvaro\"},\"sameAs\":[\"http:\\\/\\\/www.organicesuevento.com\"],\"url\":\"https:\\\/\\\/www.organicesuevento.com\\\/fiestasyeventos\\\/author\\\/guia\\\/\"}]}<\/script>\n<!-- \/ Yoast SEO plugin. -->","yoast_head_json":{"title":"Garcia Parrilla Cl\u00e1sica - OrganiceSuEvento","robots":{"index":"index","follow":"follow","max-snippet":"max-snippet:-1","max-image-preview":"max-image-preview:large","max-video-preview":"max-video-preview:-1"},"canonical":"https:\/\/www.organicesuevento.com\/fiestasyeventos\/garcia-parrilla-clasica\/","og_locale":"es_ES","og_type":"article","og_title":"Garcia Parrilla Cl\u00e1sica - OrganiceSuEvento","og_description":"Nuestro orgullo no es ser una de las mejores parrillas del pa\u00eds. Nuestro orgullo es ser el lugar que vos elegis desde hace m\u00e1s de 40 a\u00f1os. Restaurante especializado en PARRILLA T\u00cdPICA Y COCINA RIOPLATENSE Direcci\u00f3n :Av. Arocena 1587 | Carrasco, Montevideo, Uruguay\u00a0 Tel\u00e9fono: \u00a0+598 2600 2703 Web: www.garcia.com.uy Facebook [gallery_one id=\u00bb52079&#8243; view=\u00bbcarousel\u00bb settings=\u00bb%7B%22pause%22%3A%222000%22%2C%22speed%22%3A%221000%22%2C%22loop%22%3A%221%22%2C%22auto%22%3A%221%22%2C%22lightbox%22%3A%221%22%2C%22pager%22%3A%22%22%7D\u00bb] FORMULARIO [&hellip;]","og_url":"https:\/\/www.organicesuevento.com\/fiestasyeventos\/garcia-parrilla-clasica\/","og_site_name":"OrganiceSuEvento","article_publisher":"https:\/\/www.facebook.com\/organicesuevento","article_published_time":"2013-03-06T20:16:52+00:00","article_modified_time":"2017-07-28T17:44:38+00:00","og_image":[{"width":180,"height":180,"url":"https:\/\/www.organicesuevento.com\/fiestasyeventos\/wp-content\/uploads\/garcia008.jpg","type":"image\/jpeg"}],"author":"Alvaro","twitter_card":"summary_large_image","twitter_creator":"@1000fiestas","twitter_site":"@1000fiestas","twitter_misc":{"Escrito por":"Alvaro"},"schema":{"@context":"https:\/\/schema.org","@graph":[{"@type":"Article","@id":"https:\/\/www.organicesuevento.com\/fiestasyeventos\/garcia-parrilla-clasica\/#article","isPartOf":{"@id":"https:\/\/www.organicesuevento.com\/fiestasyeventos\/garcia-parrilla-clasica\/"},"author":{"name":"Alvaro","@id":"https:\/\/www.organicesuevento.com\/fiestasyeventos\/#\/schema\/person\/1b0c4c9bf3be95a192dbced13b9beee7"},"headline":"Garcia Parrilla Cl\u00e1sica","datePublished":"2013-03-06T20:16:52+00:00","dateModified":"2017-07-28T17:44:38+00:00","mainEntityOfPage":{"@id":"https:\/\/www.organicesuevento.com\/fiestasyeventos\/garcia-parrilla-clasica\/"},"wordCount":92,"publisher":{"@id":"https:\/\/www.organicesuevento.com\/fiestasyeventos\/#organization"},"image":{"@id":"https:\/\/www.organicesuevento.com\/fiestasyeventos\/garcia-parrilla-clasica\/#primaryimage"},"thumbnailUrl":"https:\/\/www.organicesuevento.com\/fiestasyeventos\/wp-content\/uploads\/garcia008.jpg","keywords":["restaurante destacado en carrasco","restaurante para almorzar en uruguay","restaurante para cenar carnes destacadas en uruguay"],"articleSection":["Proveedor","Restaurantes"],"inLanguage":"es"},{"@type":"WebPage","@id":"https:\/\/www.organicesuevento.com\/fiestasyeventos\/garcia-parrilla-clasica\/","url":"https:\/\/www.organicesuevento.com\/fiestasyeventos\/garcia-parrilla-clasica\/","name":"Garcia Parrilla Cl\u00e1sica - OrganiceSuEvento","isPartOf":{"@id":"https:\/\/www.organicesuevento.com\/fiestasyeventos\/#website"},"primaryImageOfPage":{"@id":"https:\/\/www.organicesuevento.com\/fiestasyeventos\/garcia-parrilla-clasica\/#primaryimage"},"image":{"@id":"https:\/\/www.organicesuevento.com\/fiestasyeventos\/garcia-parrilla-clasica\/#primaryimage"},"thumbnailUrl":"https:\/\/www.organicesuevento.com\/fiestasyeventos\/wp-content\/uploads\/garcia008.jpg","datePublished":"2013-03-06T20:16:52+00:00","dateModified":"2017-07-28T17:44:38+00:00","breadcrumb":{"@id":"https:\/\/www.organicesuevento.com\/fiestasyeventos\/garcia-parrilla-clasica\/#breadcrumb"},"inLanguage":"es","potentialAction":[{"@type":"ReadAction","target":["https:\/\/www.organicesuevento.com\/fiestasyeventos\/garcia-parrilla-clasica\/"]}]},{"@type":"ImageObject","inLanguage":"es","@id":"https:\/\/www.organicesuevento.com\/fiestasyeventos\/garcia-parrilla-clasica\/#primaryimage","url":"https:\/\/www.organicesuevento.com\/fiestasyeventos\/wp-content\/uploads\/garcia008.jpg","contentUrl":"https:\/\/www.organicesuevento.com\/fiestasyeventos\/wp-content\/uploads\/garcia008.jpg","width":180,"height":180},{"@type":"BreadcrumbList","@id":"https:\/\/www.organicesuevento.com\/fiestasyeventos\/garcia-parrilla-clasica\/#breadcrumb","itemListElement":[{"@type":"ListItem","position":1,"name":"Portada","item":"https:\/\/www.organicesuevento.com\/fiestasyeventos\/"},{"@type":"ListItem","position":2,"name":"Garcia Parrilla Cl\u00e1sica"}]},{"@type":"WebSite","@id":"https:\/\/www.organicesuevento.com\/fiestasyeventos\/#website","url":"https:\/\/www.organicesuevento.com\/fiestasyeventos\/","name":"OrganiceSuEvento","description":"Gui\u00ada de proveedores para fiestas y Eventos del Uruguay","publisher":{"@id":"https:\/\/www.organicesuevento.com\/fiestasyeventos\/#organization"},"potentialAction":[{"@type":"SearchAction","target":{"@type":"EntryPoint","urlTemplate":"https:\/\/www.organicesuevento.com\/fiestasyeventos\/?s={search_term_string}"},"query-input":{"@type":"PropertyValueSpecification","valueRequired":true,"valueName":"search_term_string"}}],"inLanguage":"es"},{"@type":"Organization","@id":"https:\/\/www.organicesuevento.com\/fiestasyeventos\/#organization","name":"OrganiceSuEvento.com","url":"https:\/\/www.organicesuevento.com\/fiestasyeventos\/","logo":{"@type":"ImageObject","inLanguage":"es","@id":"https:\/\/www.organicesuevento.com\/fiestasyeventos\/#\/schema\/logo\/image\/","url":"https:\/\/www.organicesuevento.com\/fiestasyeventos\/wp-content\/uploads\/logo-2017-organicesuevento-boletin.png","contentUrl":"https:\/\/www.organicesuevento.com\/fiestasyeventos\/wp-content\/uploads\/logo-2017-organicesuevento-boletin.png","width":617,"height":174,"caption":"OrganiceSuEvento.com"},"image":{"@id":"https:\/\/www.organicesuevento.com\/fiestasyeventos\/#\/schema\/logo\/image\/"},"sameAs":["https:\/\/www.facebook.com\/organicesuevento","https:\/\/x.com\/1000fiestas","https:\/\/www.instagram.com\/organicesuevento\/"]},{"@type":"Person","@id":"https:\/\/www.organicesuevento.com\/fiestasyeventos\/#\/schema\/person\/1b0c4c9bf3be95a192dbced13b9beee7","name":"Alvaro","image":{"@type":"ImageObject","inLanguage":"es","@id":"https:\/\/secure.gravatar.com\/avatar\/55aa03288d5b2eb06e2257bbe9e8e1da464ae983b29c1a831d5c630e0fa30057?s=96&d=mm&r=g","url":"https:\/\/secure.gravatar.com\/avatar\/55aa03288d5b2eb06e2257bbe9e8e1da464ae983b29c1a831d5c630e0fa30057?s=96&d=mm&r=g","contentUrl":"https:\/\/secure.gravatar.com\/avatar\/55aa03288d5b2eb06e2257bbe9e8e1da464ae983b29c1a831d5c630e0fa30057?s=96&d=mm&r=g","caption":"Alvaro"},"sameAs":["http:\/\/www.organicesuevento.com"],"url":"https:\/\/www.organicesuevento.com\/fiestasyeventos\/author\/guia\/"}]}},"jetpack_featured_media_url":"https:\/\/www.organicesuevento.com\/fiestasyeventos\/wp-content\/uploads\/garcia008.jpg","jetpack_sharing_enabled":true,"_links":{"self":[{"href":"https:\/\/www.organicesuevento.com\/fiestasyeventos\/wp-json\/wp\/v2\/posts\/39980","targetHints":{"allow":["GET"]}}],"collection":[{"href":"https:\/\/www.organicesuevento.com\/fiestasyeventos\/wp-json\/wp\/v2\/posts"}],"about":[{"href":"https:\/\/www.organicesuevento.com\/fiestasyeventos\/wp-json\/wp\/v2\/types\/post"}],"author":[{"embeddable":true,"href":"https:\/\/www.organicesuevento.com\/fiestasyeventos\/wp-json\/wp\/v2\/users\/2"}],"replies":[{"embeddable":true,"href":"https:\/\/www.organicesuevento.com\/fiestasyeventos\/wp-json\/wp\/v2\/comments?post=39980"}],"version-history":[{"count":12,"href":"https:\/\/www.organicesuevento.com\/fiestasyeventos\/wp-json\/wp\/v2\/posts\/39980\/revisions"}],"predecessor-version":[{"id":58367,"href":"https:\/\/www.organicesuevento.com\/fiestasyeventos\/wp-json\/wp\/v2\/posts\/39980\/revisions\/58367"}],"wp:featuredmedia":[{"embeddable":true,"href":"https:\/\/www.organicesuevento.com\/fiestasyeventos\/wp-json\/wp\/v2\/media\/39981"}],"wp:attachment":[{"href":"https:\/\/www.organicesuevento.com\/fiestasyeventos\/wp-json\/wp\/v2\/media?parent=39980"}],"wp:term":[{"taxonomy":"category","embeddable":true,"href":"https:\/\/www.organicesuevento.com\/fiestasyeventos\/wp-json\/wp\/v2\/categories?post=39980"},{"taxonomy":"post_tag","embeddable":true,"href":"https:\/\/www.organicesuevento.com\/fiestasyeventos\/wp-json\/wp\/v2\/tags?post=39980"}],"curies":[{"name":"wp","href":"https:\/\/api.w.org\/{rel}","templated":true}]}}